{"id":101,"date":"2020-05-07T11:35:05","date_gmt":"2020-05-07T09:35:05","guid":{"rendered":"https:\/\/jobs-hiob.ch\/fr\/?p=101"},"modified":"2020-05-07T11:35:05","modified_gmt":"2020-05-07T09:35:05","slug":"ouverture-des-brocantes-apres-55-jours","status":"publish","type":"post","link":"https:\/\/jobs-hiob.ch\/fr\/ouverture-des-brocantes-apres-55-jours\/","title":{"rendered":"Ouverture des brocantes apr\u00e8s 55 jours"},"content":{"rendered":"<p>Apr\u00e8s une p\u00e9riode de fermeture presque biblique de 55 jours, nos maisons de brocante seront autoris\u00e9es \u00e0 r\u00e9-ouvrir le 11.5.2020 et \u00e0 servir les clients.<\/p>\n<p>Dans l&rsquo;intervalle, nous avons mis en \u0153uvre les directives de l&rsquo;OFSP, \u00e9labor\u00e9 des plans de protection et \u00e9quip\u00e9 les magasins de parois en plexiglas, de stations de d\u00e9sinfection et de syst\u00e8mes de comptage.<\/p>\n<p>Cependant, nous augmentons lentement les frais de personnel et poursuivons nos activit\u00e9s avec des heures d&rsquo;ouverture limit\u00e9es. Les employ\u00e9s des magasins sont encore \u00e0 court terme et les postes vacants sont pourvus en fonction de la nouvelle situation.<\/p>\n<p>Pour cette raison, il peut y avoir un retard dans l&#8217;embauche lorsque les appels d&rsquo;offres sont lanc\u00e9s. Ces mesures servent toutes notre survie \u00e0 long terme.<\/p>\n<p>Merci de votre compr\u00e9hension.<\/p>\n","protected":false},"excerpt":{"rendered":"<p>Apr\u00e8s une p\u00e9riode de fermeture presque biblique de 55 jours, nos maisons de brocante seront autoris\u00e9es \u00e0 r\u00e9-ouvrir le 11.5.2020 et \u00e0 servir les clients. Dans l&rsquo;intervalle, nous avons mis en \u0153uvre<a class=\"moretag\" href=\"https:\/\/jobs-hiob.ch\/fr\/ouverture-des-brocantes-apres-55-jours\/\">Read More&#8230;<\/a><\/p>\n","protected":false},"author":1,"featured_media":99,"comment_status":"closed","ping_status":"closed","sticky":false,"template":"","format":"standard","meta":{"footnotes":""},"categories":[1],"tags":[16,18,17,19],"class_list":["post-101","post","type-post","status-publish","format-standard","has-post-thumbnail","hentry","category-uncategorized","tag-collaborateurs","tag-covec-20","tag-covid-19","tag-mise-en-arret"],"_links":{"self":[{"href":"https:\/\/jobs-hiob.ch\/fr\/wp-json\/wp\/v2\/posts\/101","targetHints":{"allow":["GET"]}}],"collection":[{"href":"https:\/\/jobs-hiob.ch\/fr\/wp-json\/wp\/v2\/posts"}],"about":[{"href":"https:\/\/jobs-hiob.ch\/fr\/wp-json\/wp\/v2\/types\/post"}],"author":[{"embeddable":true,"href":"https:\/\/jobs-hiob.ch\/fr\/wp-json\/wp\/v2\/users\/1"}],"replies":[{"embeddable":true,"href":"https:\/\/jobs-hiob.ch\/fr\/wp-json\/wp\/v2\/comments?post=101"}],"version-history":[{"count":0,"href":"https:\/\/jobs-hiob.ch\/fr\/wp-json\/wp\/v2\/posts\/101\/revisions"}],"wp:featuredmedia":[{"embeddable":true,"href":"https:\/\/jobs-hiob.ch\/fr\/wp-json\/wp\/v2\/media\/99"}],"wp:attachment":[{"href":"https:\/\/jobs-hiob.ch\/fr\/wp-json\/wp\/v2\/media?parent=101"}],"wp:term":[{"taxonomy":"category","embeddable":true,"href":"https:\/\/jobs-hiob.ch\/fr\/wp-json\/wp\/v2\/categories?post=101"},{"taxonomy":"post_tag","embeddable":true,"href":"https:\/\/jobs-hiob.ch\/fr\/wp-json\/wp\/v2\/tags?post=101"}],"curies":[{"name":"wp","href":"https:\/\/api.w.org\/{rel}","templated":true}]}}